{"id":3365,"date":"2022-04-12T09:00:00","date_gmt":"2022-04-12T09:00:00","guid":{"rendered":"https:\/\/thehealthimpact.org\/?p=3365"},"modified":"2022-04-11T09:40:58","modified_gmt":"2022-04-11T09:40:58","slug":"periodismo-y-derechos-durante-la-crisis-democratica-europea","status":"publish","type":"post","link":"https:\/\/thehealthimpactngo.org\/en\/periodismo-y-derechos-durante-la-crisis-democratica-europea\/","title":{"rendered":"Periodismo y derechos durante la crisis democr\u00e1tica europea"},"content":{"rendered":"<p>Hace ya m\u00e1s de un mes, el 28 de febrero, el periodista Pablo Gonz\u00e1lez fue detenido en Polonia mientras se encontraba cubriendo la actual guerra entre Ucrania y Rusia. Fue detenido con el pretexto de ser supuesto esp\u00eda ruso, ya que el periodista y polit\u00f3logo es nacido en Mosc\u00fa donde vivi\u00f3 hasta los 9 a\u00f1os de edad, dato que llam\u00f3 la atenci\u00f3n de las autoridades polacas. Esta detenci\u00f3n, completamente ilegal, no ha cumplido ning\u00fan proceso que otorgue garant\u00edas al detenido ni se han hecho p\u00fablicos los cargos por los que ser\u00e1 juzgado ni se har\u00e1n en los pr\u00f3ximos d\u00edas como ha afirmado ya la fiscal\u00eda polaca.<\/p>\n\n\n\n<p>Esta detenci\u00f3n contrasta directamente con la imagen de democracia ejemplar que la UE quiere vender de sus miembros, haciendo ver una imagen de cara al exterior de ejemplo pol\u00edtico y responsabilidad democr\u00e1tica, pero la realidad es otra ya que en sus fronteras se violan multitud de derechos humanos contra familias migrantes que huyen de pa\u00edses devastados por la guerra y el hambre dejando al margen la legalidad y la moral. Y es que no s\u00f3lo Polonia act\u00faa de tal forma, los pa\u00edses de la UE que poseen frontera con Estados no miembros como Hungr\u00eda o Croacia, y que al otro lado de sus fronteras tienen pa\u00edses que sirven de ruta de paso de migrantes para llegar a la Uni\u00f3n Europea, act\u00faan de forma cruel contra el d\u00e9bil reforzando las medidas de seguridad en las fronteras e incitando al odio hacia el diferente. Este problema tambi\u00e9n pone en el punto de mira las fallas del sistema comunitario en aspectos pol\u00edticos y sociales que hacen que, aunque a nivel econ\u00f3mico se haya llegado a una casi completa uni\u00f3n, en otros aspectos siguen existiendo trabas que hacen que la pol\u00edtica migratoria entre Estados sea cuanto menos bochornosa, sin aplicarse medidas y sanciones contra estos pa\u00edses que atentan contra la vida de miles de personas porque no existen las suficientes competencias comunitarias al respecto.<\/p>\n\n\n\n<figure class=\"wp-block-image size-full\"><img data-opt-id=926276983  fetchpriority=\"high\" decoding=\"async\" width=\"980\" height=\"653\" src=\"https:\/\/mlshb54ejeq3.i.optimole.com\/w:auto\/h:auto\/q:mauto\/f:best\/ig:avif\/https:\/\/thehealthimpact.org\/wp-content\/uploads\/2022\/04\/WhatsApp-Image-2022-04-06-at-12.50.55-PM-1.jpeg\" alt=\"\" class=\"wp-image-3367\" srcset=\"https:\/\/mlshb54ejeq3.i.optimole.com\/w:980\/h:653\/q:mauto\/f:best\/ig:avif\/https:\/\/thehealthimpactngo.org\/wp-content\/uploads\/2022\/04\/WhatsApp-Image-2022-04-06-at-12.50.55-PM-1.jpeg 980w, https:\/\/mlshb54ejeq3.i.optimole.com\/w:300\/h:200\/q:mauto\/f:best\/ig:avif\/https:\/\/thehealthimpactngo.org\/wp-content\/uploads\/2022\/04\/WhatsApp-Image-2022-04-06-at-12.50.55-PM-1.jpeg 300w, https:\/\/mlshb54ejeq3.i.optimole.com\/w:768\/h:512\/q:mauto\/f:best\/ig:avif\/https:\/\/thehealthimpactngo.org\/wp-content\/uploads\/2022\/04\/WhatsApp-Image-2022-04-06-at-12.50.55-PM-1.jpeg 768w, https:\/\/mlshb54ejeq3.i.optimole.com\/w:18\/h:12\/q:mauto\/f:best\/ig:avif\/dpr:2\/https:\/\/thehealthimpactngo.org\/wp-content\/uploads\/2022\/04\/WhatsApp-Image-2022-04-06-at-12.50.55-PM-1.jpeg 18w\" sizes=\"(max-width: 800px) 100vw, 800px\" \/><figcaption>ARTUR RESZKO (EFE)<\/figcaption><\/figure>\n\n\n\n<p>En el caso de Pablo Gonz\u00e1lez la democracia tambi\u00e9n brilla por su ausencia, y es que Polonia se caracteriza por ser un Estado con fuerte car\u00e1cter nacionalista, junto a las tensiones que est\u00e1 pasando la UE respecto a Rusia, ha sido el caldo de cultivo id\u00f3neo para que se produzcan estas violaciones de derechos con m\u00e1s crudeza. Lo sorprendente \u2014o no \u2014 ha sido la respuesta del gobierno de Espa\u00f1a, sabiendo que el detenido tambi\u00e9n es ciudadano espa\u00f1ol. Tanto medios generalistas como el gobierno han llevado un perfil bajo y han pasado de puntillas sobre el tema, teniendo en cuenta que no hay una posici\u00f3n oficial del Ejecutivo y los medios m\u00e1s grandes del pa\u00eds no han informado m\u00e1s que de pasada de la noticia. El consulado espa\u00f1ol en Polonia ha visitado dos veces a Pablo en prisi\u00f3n sin resultados tangibles ya que la situaci\u00f3n no ha cambiado en absoluto, sigue incomunicado con su familia y sin acceso a un abogado, tambi\u00e9n el ministro de asuntos exteriores espa\u00f1ol se ha reunido con su hom\u00f3logo polaco, aunque no se ha revelado qu\u00e9 puntos de la detenci\u00f3n del periodista se han hablado ni parece que se haya llegado a un acuerdo para su liberaci\u00f3n.<\/p>\n\n\n\n<p>Esta terrible situaci\u00f3n deja en claro que pa\u00edses con una aparente democracia consolidada pueden no ser tan id\u00edlicos y que situaciones como esta, en las que en el imaginario colectivo suceden en pa\u00edses menos desarrollados lejos de nuestras fronteras, tambi\u00e9n ocurren en pa\u00edses europeos, llamada cuna de la civilizaci\u00f3n. Las situaciones de este tipo nos hacen pensar en si de verdad existe una crisis democr\u00e1tica en Europa o si por el contrario esta democracia nunca existi\u00f3 y no era m\u00e1s que ilusionismo y marketing que los Estados han vendido a sus ciudadanos y al resto del mundo para sentirse con poder suficiente para poder desarrollar una actitud cuanto menos paternalista con otros Estados en v\u00edas de desarrollo.<\/p>","protected":false},"excerpt":{"rendered":"<p>La invasi\u00f3n rusa ha puesto de manifiesto la importancia de un periodismo veraz y confiable que vaya en contra de la propaganda compartida en tiempos de guerra. Adem\u00e1s, tambi\u00e9n ha mostrado la crisis que sufren las democracias europeas y c\u00f3mo en ellas se vulneran los derechos humanos, aunque esto \u00faltimo no sea novedad.<\/p>","protected":false},"author":12,"featured_media":3366,"comment_status":"closed","ping_status":"closed","sticky":false,"template":"","format":"standard","meta":{"nf_dc_page":"","footnotes":""},"categories":[53,19],"tags":[49,54,40],"class_list":["post-3365","post","type-post","status-publish","format-standard","has-post-thumbnail","hentry","category-derechos","category-internacional","tag-criminalizacion","tag-fronteras","tag-ue"],"yoast_head":"<!-- This site is optimized with the Yoast SEO plugin v27.4 - https:\/\/yoast.com\/product\/yoast-seo-wordpress\/ -->\n<title>Periodismo y derechos durante la crisis democr\u00e1tica europea - The Health Impact ONG<\/title>\n<meta name=\"description\" content=\"ONG rabajando por la salud y dignidad de los refugiados a trav\u00e9s de la educaci\u00f3n | The Health Impact ONG\" \/>\n<meta name=\"robots\" content=\"index, follow, max-snippet:-1, max-image-preview:large, max-video-preview:-1\" \/>\n<link rel=\"canonical\" href=\"https:\/\/thehealthimpactngo.org\/en\/periodismo-y-derechos-durante-la-crisis-democratica-europea\/\" \/>\n<meta property=\"og:locale\" content=\"en_GB\" \/>\n<meta property=\"og:type\" content=\"article\" \/>\n<meta property=\"og:title\" content=\"Periodismo y derechos durante la crisis democr\u00e1tica europea - The Health Impact ONG\" \/>\n<meta property=\"og:description\" content=\"ONG rabajando por la salud y dignidad de los refugiados a trav\u00e9s de la educaci\u00f3n | The Health Impact ONG\" \/>\n<meta property=\"og:url\" content=\"https:\/\/thehealthimpactngo.org\/en\/periodismo-y-derechos-durante-la-crisis-democratica-europea\/\" \/>\n<meta property=\"og:site_name\" content=\"The Health Impact NGO\" \/>\n<meta property=\"article:publisher\" content=\"https:\/\/www.facebook.com\/Thehealthimpact\/\" \/>\n<meta property=\"article:published_time\" content=\"2022-04-12T09:00:00+00:00\" \/>\n<meta property=\"og:image\" content=\"https:\/\/mlshb54ejeq3.i.optimole.com\/w:621\/h:400\/q:mauto\/f:best\/ig:avif\/https:\/\/thehealthimpactngo.org\/wp-content\/uploads\/2022\/04\/WhatsApp-Image-2022-04-06-at-12.50.55-PM.jpeg\" \/>\n\t<meta property=\"og:image:width\" content=\"621\" \/>\n\t<meta property=\"og:image:height\" content=\"400\" \/>\n\t<meta property=\"og:image:type\" content=\"image\/jpeg\" \/>\n<meta name=\"author\" content=\"Ra\u00fal Berrocal\" \/>\n<meta name=\"twitter:card\" content=\"summary_large_image\" \/>\n<meta name=\"twitter:creator\" content=\"@TheHealthImpact\" \/>\n<meta name=\"twitter:site\" content=\"@TheHealthImpact\" \/>\n<meta name=\"twitter:label1\" content=\"Written by\" \/>\n\t<meta name=\"twitter:data1\" content=\"Ra\u00fal Berrocal\" \/>\n\t<meta name=\"twitter:label2\" content=\"Estimated reading time\" \/>\n\t<meta name=\"twitter:data2\" content=\"4 minutes\" \/>\n<script type=\"application\/ld+json\" class=\"yoast-schema-graph\">{\"@context\":\"https:\\\/\\\/schema.org\",\"@graph\":[{\"@type\":\"Article\",\"@id\":\"https:\\\/\\\/thehealthimpactngo.org\\\/periodismo-y-derechos-durante-la-crisis-democratica-europea\\\/#article\",\"isPartOf\":{\"@id\":\"https:\\\/\\\/thehealthimpactngo.org\\\/periodismo-y-derechos-durante-la-crisis-democratica-europea\\\/\"},\"author\":{\"name\":\"Ra\u00fal Berrocal\",\"@id\":\"https:\\\/\\\/thehealthimpactngo.org\\\/#\\\/schema\\\/person\\\/4b745cc8975a09bdd2aed96c035e23cb\"},\"headline\":\"Periodismo y derechos durante la crisis democr\u00e1tica europea\",\"datePublished\":\"2022-04-12T09:00:00+00:00\",\"mainEntityOfPage\":{\"@id\":\"https:\\\/\\\/thehealthimpactngo.org\\\/periodismo-y-derechos-durante-la-crisis-democratica-europea\\\/\"},\"wordCount\":716,\"publisher\":{\"@id\":\"https:\\\/\\\/thehealthimpactngo.org\\\/#organization\"},\"image\":{\"@id\":\"https:\\\/\\\/thehealthimpactngo.org\\\/periodismo-y-derechos-durante-la-crisis-democratica-europea\\\/#primaryimage\"},\"thumbnailUrl\":\"https:\\/\\/thehealthimpactngo.org\\/wp-content\\/uploads\\/2022\\/04\\/WhatsApp-Image-2022-04-06-at-12.50.55-PM.jpeg\",\"keywords\":[\"Criminalizaci\u00f3n\",\"Fronteras\",\"UE\"],\"articleSection\":[\"Derechos\",\"Internacional\"],\"inLanguage\":\"en-GB\"},{\"@type\":\"WebPage\",\"@id\":\"https:\\\/\\\/thehealthimpactngo.org\\\/periodismo-y-derechos-durante-la-crisis-democratica-europea\\\/\",\"url\":\"https:\\\/\\\/thehealthimpactngo.org\\\/periodismo-y-derechos-durante-la-crisis-democratica-europea\\\/\",\"name\":\"Periodismo y derechos durante la crisis democr\u00e1tica europea - The Health Impact ONG\",\"isPartOf\":{\"@id\":\"https:\\\/\\\/thehealthimpactngo.org\\\/#website\"},\"primaryImageOfPage\":{\"@id\":\"https:\\\/\\\/thehealthimpactngo.org\\\/periodismo-y-derechos-durante-la-crisis-democratica-europea\\\/#primaryimage\"},\"image\":{\"@id\":\"https:\\\/\\\/thehealthimpactngo.org\\\/periodismo-y-derechos-durante-la-crisis-democratica-europea\\\/#primaryimage\"},\"thumbnailUrl\":\"https:\\/\\/thehealthimpactngo.org\\/wp-content\\/uploads\\/2022\\/04\\/WhatsApp-Image-2022-04-06-at-12.50.55-PM.jpeg\",\"datePublished\":\"2022-04-12T09:00:00+00:00\",\"description\":\"ONG rabajando por la salud y dignidad de los refugiados a trav\u00e9s de la educaci\u00f3n | The Health Impact ONG\",\"breadcrumb\":{\"@id\":\"https:\\\/\\\/thehealthimpactngo.org\\\/periodismo-y-derechos-durante-la-crisis-democratica-europea\\\/#breadcrumb\"},\"inLanguage\":\"en-GB\",\"potentialAction\":[{\"@type\":\"ReadAction\",\"target\":[\"https:\\\/\\\/thehealthimpactngo.org\\\/periodismo-y-derechos-durante-la-crisis-democratica-europea\\\/\"]}]},{\"@type\":\"ImageObject\",\"inLanguage\":\"en-GB\",\"@id\":\"https:\\\/\\\/thehealthimpactngo.org\\\/periodismo-y-derechos-durante-la-crisis-democratica-europea\\\/#primaryimage\",\"url\":\"https:\\/\\/thehealthimpactngo.org\\/wp-content\\/uploads\\/2022\\/04\\/WhatsApp-Image-2022-04-06-at-12.50.55-PM.jpeg\",\"contentUrl\":\"https:\\/\\/thehealthimpactngo.org\\/wp-content\\/uploads\\/2022\\/04\\/WhatsApp-Image-2022-04-06-at-12.50.55-PM.jpeg\",\"width\":621,\"height\":400},{\"@type\":\"BreadcrumbList\",\"@id\":\"https:\\\/\\\/thehealthimpactngo.org\\\/periodismo-y-derechos-durante-la-crisis-democratica-europea\\\/#breadcrumb\",\"itemListElement\":[{\"@type\":\"ListItem\",\"position\":1,\"name\":\"Home\",\"item\":\"https:\\\/\\\/thehealthimpactngo.org\\\/\"},{\"@type\":\"ListItem\",\"position\":2,\"name\":\"Periodismo y derechos durante la crisis democr\u00e1tica europea\"}]},{\"@type\":\"WebSite\",\"@id\":\"https:\\\/\\\/thehealthimpactngo.org\\\/#website\",\"url\":\"https:\\\/\\\/thehealthimpactngo.org\\\/\",\"name\":\"The Health Impact NGO\",\"description\":\"\",\"publisher\":{\"@id\":\"https:\\\/\\\/thehealthimpactngo.org\\\/#organization\"},\"potentialAction\":[{\"@type\":\"SearchAction\",\"target\":{\"@type\":\"EntryPoint\",\"urlTemplate\":\"https:\\\/\\\/thehealthimpactngo.org\\\/?s={search_term_string}\"},\"query-input\":{\"@type\":\"PropertyValueSpecification\",\"valueRequired\":true,\"valueName\":\"search_term_string\"}}],\"inLanguage\":\"en-GB\"},{\"@type\":\"Organization\",\"@id\":\"https:\\\/\\\/thehealthimpactngo.org\\\/#organization\",\"name\":\"TheHealthImpact\",\"url\":\"https:\\\/\\\/thehealthimpactngo.org\\\/\",\"logo\":{\"@type\":\"ImageObject\",\"inLanguage\":\"en-GB\",\"@id\":\"https:\\\/\\\/thehealthimpactngo.org\\\/#\\\/schema\\\/logo\\\/image\\\/\",\"url\":\"https:\\/\\/thehealthimpact.org\\/wp-content\\/uploads\\/2020\\/03\\/WhatsApp-Image-2020-03-05-at-12.53.37-1-e1591283292571.jpeg\",\"contentUrl\":\"https:\\/\\/thehealthimpact.org\\/wp-content\\/uploads\\/2020\\/03\\/WhatsApp-Image-2020-03-05-at-12.53.37-1-e1591283292571.jpeg\",\"width\":197,\"height\":120,\"caption\":\"TheHealthImpact\"},\"image\":{\"@id\":\"https:\\\/\\\/thehealthimpactngo.org\\\/#\\\/schema\\\/logo\\\/image\\\/\"},\"sameAs\":[\"https:\\\/\\\/www.facebook.com\\\/Thehealthimpact\\\/\",\"https:\\\/\\\/x.com\\\/TheHealthImpact\",\"https:\\\/\\\/www.instagram.com\\\/thehealthimpactorg\\\/\",\"https:\\\/\\\/www.linkedin.com\\\/company\\\/thehealthimpact\\\/\"]},{\"@type\":\"Person\",\"@id\":\"https:\\\/\\\/thehealthimpactngo.org\\\/#\\\/schema\\\/person\\\/4b745cc8975a09bdd2aed96c035e23cb\",\"name\":\"Ra\u00fal Berrocal\",\"image\":{\"@type\":\"ImageObject\",\"inLanguage\":\"en-GB\",\"@id\":\"https:\\/\\/thehealthimpactngo.org\\/wp-content\\/uploads\\/2022\\/04\\/WhatsApp-Image-2022-04-06-at-10.00.04-AM-e1649233081800-150x150.jpeg\",\"url\":\"https:\\/\\/thehealthimpactngo.org\\/wp-content\\/uploads\\/2022\\/04\\/WhatsApp-Image-2022-04-06-at-10.00.04-AM-e1649233081800-150x150.jpeg\",\"contentUrl\":\"https:\\/\\/thehealthimpactngo.org\\/wp-content\\/uploads\\/2022\\/04\\/WhatsApp-Image-2022-04-06-at-10.00.04-AM-e1649233081800-150x150.jpeg\",\"caption\":\"Ra\u00fal Berrocal\"}}]}<\/script>\n<!-- \/ Yoast SEO plugin. -->","yoast_head_json":{"title":"Periodismo y derechos durante la crisis democr\u00e1tica europea - The Health Impact ONG","description":"ONG rabajando por la salud y dignidad de los refugiados a trav\u00e9s de la educaci\u00f3n | The Health Impact ONG","robots":{"index":"index","follow":"follow","max-snippet":"max-snippet:-1","max-image-preview":"max-image-preview:large","max-video-preview":"max-video-preview:-1"},"canonical":"https:\/\/thehealthimpactngo.org\/en\/periodismo-y-derechos-durante-la-crisis-democratica-europea\/","og_locale":"en_GB","og_type":"article","og_title":"Periodismo y derechos durante la crisis democr\u00e1tica europea - The Health Impact ONG","og_description":"ONG rabajando por la salud y dignidad de los refugiados a trav\u00e9s de la educaci\u00f3n | The Health Impact ONG","og_url":"https:\/\/thehealthimpactngo.org\/en\/periodismo-y-derechos-durante-la-crisis-democratica-europea\/","og_site_name":"The Health Impact NGO","article_publisher":"https:\/\/www.facebook.com\/Thehealthimpact\/","article_published_time":"2022-04-12T09:00:00+00:00","og_image":[{"width":621,"height":400,"url":"https:\/\/mlshb54ejeq3.i.optimole.com\/w:621\/h:400\/q:mauto\/f:best\/ig:avif\/https:\/\/thehealthimpactngo.org\/wp-content\/uploads\/2022\/04\/WhatsApp-Image-2022-04-06-at-12.50.55-PM.jpeg","type":"image\/jpeg"}],"author":"Ra\u00fal Berrocal","twitter_card":"summary_large_image","twitter_creator":"@TheHealthImpact","twitter_site":"@TheHealthImpact","twitter_misc":{"Written by":"Ra\u00fal Berrocal","Estimated reading time":"4 minutes"},"schema":{"@context":"https:\/\/schema.org","@graph":[{"@type":"Article","@id":"https:\/\/thehealthimpactngo.org\/periodismo-y-derechos-durante-la-crisis-democratica-europea\/#article","isPartOf":{"@id":"https:\/\/thehealthimpactngo.org\/periodismo-y-derechos-durante-la-crisis-democratica-europea\/"},"author":{"name":"Ra\u00fal Berrocal","@id":"https:\/\/thehealthimpactngo.org\/#\/schema\/person\/4b745cc8975a09bdd2aed96c035e23cb"},"headline":"Periodismo y derechos durante la crisis democr\u00e1tica europea","datePublished":"2022-04-12T09:00:00+00:00","mainEntityOfPage":{"@id":"https:\/\/thehealthimpactngo.org\/periodismo-y-derechos-durante-la-crisis-democratica-europea\/"},"wordCount":716,"publisher":{"@id":"https:\/\/thehealthimpactngo.org\/#organization"},"image":{"@id":"https:\/\/thehealthimpactngo.org\/periodismo-y-derechos-durante-la-crisis-democratica-europea\/#primaryimage"},"thumbnailUrl":"https:\/\/mlshb54ejeq3.i.optimole.com\/w:auto\/h:auto\/q:mauto\/f:best\/ig:avif\/https:\/\/thehealthimpactngo.org\/wp-content\/uploads\/2022\/04\/WhatsApp-Image-2022-04-06-at-12.50.55-PM.jpeg","keywords":["Criminalizaci\u00f3n","Fronteras","UE"],"articleSection":["Derechos","Internacional"],"inLanguage":"en-GB"},{"@type":"WebPage","@id":"https:\/\/thehealthimpactngo.org\/periodismo-y-derechos-durante-la-crisis-democratica-europea\/","url":"https:\/\/thehealthimpactngo.org\/periodismo-y-derechos-durante-la-crisis-democratica-europea\/","name":"Periodismo y derechos durante la crisis democr\u00e1tica europea - The Health Impact ONG","isPartOf":{"@id":"https:\/\/thehealthimpactngo.org\/#website"},"primaryImageOfPage":{"@id":"https:\/\/thehealthimpactngo.org\/periodismo-y-derechos-durante-la-crisis-democratica-europea\/#primaryimage"},"image":{"@id":"https:\/\/thehealthimpactngo.org\/periodismo-y-derechos-durante-la-crisis-democratica-europea\/#primaryimage"},"thumbnailUrl":"https:\/\/mlshb54ejeq3.i.optimole.com\/w:auto\/h:auto\/q:mauto\/f:best\/ig:avif\/https:\/\/thehealthimpactngo.org\/wp-content\/uploads\/2022\/04\/WhatsApp-Image-2022-04-06-at-12.50.55-PM.jpeg","datePublished":"2022-04-12T09:00:00+00:00","description":"ONG rabajando por la salud y dignidad de los refugiados a trav\u00e9s de la educaci\u00f3n | The Health Impact ONG","breadcrumb":{"@id":"https:\/\/thehealthimpactngo.org\/periodismo-y-derechos-durante-la-crisis-democratica-europea\/#breadcrumb"},"inLanguage":"en-GB","potentialAction":[{"@type":"ReadAction","target":["https:\/\/thehealthimpactngo.org\/periodismo-y-derechos-durante-la-crisis-democratica-europea\/"]}]},{"@type":"ImageObject","inLanguage":"en-GB","@id":"https:\/\/thehealthimpactngo.org\/periodismo-y-derechos-durante-la-crisis-democratica-europea\/#primaryimage","url":"https:\/\/mlshb54ejeq3.i.optimole.com\/w:auto\/h:auto\/q:mauto\/f:best\/ig:avif\/https:\/\/thehealthimpactngo.org\/wp-content\/uploads\/2022\/04\/WhatsApp-Image-2022-04-06-at-12.50.55-PM.jpeg","contentUrl":"https:\/\/mlshb54ejeq3.i.optimole.com\/w:auto\/h:auto\/q:mauto\/f:best\/ig:avif\/https:\/\/thehealthimpactngo.org\/wp-content\/uploads\/2022\/04\/WhatsApp-Image-2022-04-06-at-12.50.55-PM.jpeg","width":621,"height":400},{"@type":"BreadcrumbList","@id":"https:\/\/thehealthimpactngo.org\/periodismo-y-derechos-durante-la-crisis-democratica-europea\/#breadcrumb","itemListElement":[{"@type":"ListItem","position":1,"name":"Home","item":"https:\/\/thehealthimpactngo.org\/"},{"@type":"ListItem","position":2,"name":"Periodismo y derechos durante la crisis democr\u00e1tica europea"}]},{"@type":"WebSite","@id":"https:\/\/thehealthimpactngo.org\/#website","url":"https:\/\/thehealthimpactngo.org\/","name":"The Health Impact NGO","description":"","publisher":{"@id":"https:\/\/thehealthimpactngo.org\/#organization"},"potentialAction":[{"@type":"SearchAction","target":{"@type":"EntryPoint","urlTemplate":"https:\/\/thehealthimpactngo.org\/?s={search_term_string}"},"query-input":{"@type":"PropertyValueSpecification","valueRequired":true,"valueName":"search_term_string"}}],"inLanguage":"en-GB"},{"@type":"Organization","@id":"https:\/\/thehealthimpactngo.org\/#organization","name":"TheHealthImpact","url":"https:\/\/thehealthimpactngo.org\/","logo":{"@type":"ImageObject","inLanguage":"en-GB","@id":"https:\/\/thehealthimpactngo.org\/#\/schema\/logo\/image\/","url":"https:\/\/mlshb54ejeq3.i.optimole.com\/w:auto\/h:auto\/q:mauto\/f:best\/ig:avif\/https:\/\/thehealthimpact.org\/wp-content\/uploads\/2020\/03\/WhatsApp-Image-2020-03-05-at-12.53.37-1-e1591283292571.jpeg","contentUrl":"https:\/\/mlshb54ejeq3.i.optimole.com\/w:auto\/h:auto\/q:mauto\/f:best\/ig:avif\/https:\/\/thehealthimpact.org\/wp-content\/uploads\/2020\/03\/WhatsApp-Image-2020-03-05-at-12.53.37-1-e1591283292571.jpeg","width":197,"height":120,"caption":"TheHealthImpact"},"image":{"@id":"https:\/\/thehealthimpactngo.org\/#\/schema\/logo\/image\/"},"sameAs":["https:\/\/www.facebook.com\/Thehealthimpact\/","https:\/\/x.com\/TheHealthImpact","https:\/\/www.instagram.com\/thehealthimpactorg\/","https:\/\/www.linkedin.com\/company\/thehealthimpact\/"]},{"@type":"Person","@id":"https:\/\/thehealthimpactngo.org\/#\/schema\/person\/4b745cc8975a09bdd2aed96c035e23cb","name":"Ra\u00fal Berrocal","image":{"@type":"ImageObject","inLanguage":"en-GB","@id":"https:\/\/mlshb54ejeq3.i.optimole.com\/w:150\/h:150\/q:mauto\/rt:fill\/g:ce\/f:best\/ig:avif\/https:\/\/thehealthimpactngo.org\/wp-content\/uploads\/2022\/04\/WhatsApp-Image-2022-04-06-at-10.00.04-AM-e1649233081800.jpeg","url":"https:\/\/mlshb54ejeq3.i.optimole.com\/w:150\/h:150\/q:mauto\/rt:fill\/g:ce\/f:best\/ig:avif\/https:\/\/thehealthimpactngo.org\/wp-content\/uploads\/2022\/04\/WhatsApp-Image-2022-04-06-at-10.00.04-AM-e1649233081800.jpeg","contentUrl":"https:\/\/mlshb54ejeq3.i.optimole.com\/w:150\/h:150\/q:mauto\/rt:fill\/g:ce\/f:best\/ig:avif\/https:\/\/thehealthimpactngo.org\/wp-content\/uploads\/2022\/04\/WhatsApp-Image-2022-04-06-at-10.00.04-AM-e1649233081800.jpeg","caption":"Ra\u00fal Berrocal"}}]}},"_links":{"self":[{"href":"https:\/\/thehealthimpactngo.org\/en\/wp-json\/wp\/v2\/posts\/3365","targetHints":{"allow":["GET"]}}],"collection":[{"href":"https:\/\/thehealthimpactngo.org\/en\/wp-json\/wp\/v2\/posts"}],"about":[{"href":"https:\/\/thehealthimpactngo.org\/en\/wp-json\/wp\/v2\/types\/post"}],"author":[{"embeddable":true,"href":"https:\/\/thehealthimpactngo.org\/en\/wp-json\/wp\/v2\/users\/12"}],"replies":[{"embeddable":true,"href":"https:\/\/thehealthimpactngo.org\/en\/wp-json\/wp\/v2\/comments?post=3365"}],"version-history":[{"count":2,"href":"https:\/\/thehealthimpactngo.org\/en\/wp-json\/wp\/v2\/posts\/3365\/revisions"}],"predecessor-version":[{"id":3370,"href":"https:\/\/thehealthimpactngo.org\/en\/wp-json\/wp\/v2\/posts\/3365\/revisions\/3370"}],"wp:featuredmedia":[{"embeddable":true,"href":"https:\/\/thehealthimpactngo.org\/en\/wp-json\/wp\/v2\/media\/3366"}],"wp:attachment":[{"href":"https:\/\/thehealthimpactngo.org\/en\/wp-json\/wp\/v2\/media?parent=3365"}],"wp:term":[{"taxonomy":"category","embeddable":true,"href":"https:\/\/thehealthimpactngo.org\/en\/wp-json\/wp\/v2\/categories?post=3365"},{"taxonomy":"post_tag","embeddable":true,"href":"https:\/\/thehealthimpactngo.org\/en\/wp-json\/wp\/v2\/tags?post=3365"}],"curies":[{"name":"wp","href":"https:\/\/api.w.org\/{rel}","templated":true}]}}