{"id":3143,"date":"2022-01-19T10:26:00","date_gmt":"2022-01-19T10:26:00","guid":{"rendered":"https:\/\/thehealthimpact.org\/?p=3143"},"modified":"2022-01-19T10:43:10","modified_gmt":"2022-01-19T10:43:10","slug":"la-ayuda-humanitaria-no-es-delito","status":"publish","type":"post","link":"https:\/\/thehealthimpactngo.org\/en\/la-ayuda-humanitaria-no-es-delito\/","title":{"rendered":"LA AYUDA HUMANITARIA NO ES DELITO"},"content":{"rendered":"<p class=\"has-text-align-left\">En el mundo hay m\u00e1s de 80 millones de personas que se han visto obligadas a abandonar sus hogares como consecuencia de la violencia y las guerras. Muchos se unen a caravanas migrantes que recorren miles de kil\u00f3metros en condiciones terribles, donde imperan la inseguridad y los peligros \u2014como el de ser objetivo de las redes de tr\u00e1fico y trata de personas\u2014 al cruzar las fronteras y huir del horror. Este fen\u00f3meno afecta especialmente a<br>mujeres y ni\u00f1os.<\/p>\n\n\n\n<p class=\"has-text-align-left\"><br>Aunque parezca mentira, junto a estas situaciones de extrema vulnerabilidad, vemos como en toda la Uni\u00f3n Europea (UE) las pol\u00edticas migratorias se van volviendo cada vez m\u00e1s restrictivas. Hay una mayor represi\u00f3n contra la migraci\u00f3n irregular y se criminaliza de forma sistem\u00e1tica a aquellos que tienden su mano a los refugiados y migrantes. Debido al marco legal europeo que obliga a los Estados miembro a sancionar a quienes favorecen la entrada, permanencia y tr\u00e1nsito irregular de migrantes, muchos pa\u00edses castigan la ayuda humanitaria. De hecho, las organizaciones sociales viven con creciente preocupaci\u00f3n el aumento de esta criminalizaci\u00f3n de la solidaridad hacia las personas refugiadas y migrantes en Europa. Sus defensores se enfrentan a denuncias en el discurso p\u00fablico, intimidaciones y ataques constantes de todo tipo.<\/p>\n\n\n\n<p class=\"has-text-align-left\"><br>\u00daltimamente ha ido cobrando fuerza el discurso ultranacionalista de perfil cada vez m\u00e1s xen\u00f3fobo. Un discurso que ve a las personas migrantes como una amenaza y que genera un efecto paralizante en la solidaridad y alimenta a\u00fan m\u00e1s los relatos t\u00f3xicos y negativos sobre la migraci\u00f3n.<\/p>\n\n\n\n<p class=\"has-text-align-left has-medium-font-size\"><strong>Casos medi\u00e1ticos<\/strong><\/p>\n\n\n\n<p class=\"has-text-align-left\">Como dec\u00eda anteriormente, y es bien sabido por todos por lo medi\u00e1ticos que han sido estos sucesos, se han detenido y acusado de tr\u00e1fico de personas a quienes han acogido a migrantes o han salido al mar a su rescate.<\/p>\n\n\n\n<p class=\"has-text-align-left\"><br>Las normas penales y administrativas de la UE han azotado tanto a personas concretas (como la activista espa\u00f1ola Helena Maleno, del colectivo Caminando Fronteras) como a ONG de acci\u00f3n humanitaria y sensibilizaci\u00f3n (entre las que est\u00e1n Proem-Aid o M\u00e9dicos Sin Fronteras). Podemos recordar tambi\u00e9n casos como el de los tres bomberos sevillanos que fueron procesados por un tribunal griego por acudir al rescate de refugiados sirios que intentaban llegar a la isla de Lesbos; adem\u00e1s del proceso a Carola Rakete, por parte de las autoridades judiciales italianas, por conducir el barco que capitaneaba con 40 personas rescatadas a bordo hasta el puerto de Lampedusa; o la persecuci\u00f3n penal de Domenico Lucano, alcalde de un peque\u00f1o pueblo de Calabria que acogi\u00f3 inmigrantes irregulares a los que cedi\u00f3 las casas abandonadas de su localidad y promovi\u00f3 la creaci\u00f3n de empleo para que pudieran quedarse.<\/p>\n\n\n\n<p class=\"has-text-align-left\"><br>El conflicto en Europa sobre la situaci\u00f3n migratoria, en especial del rescate mar\u00edtimo, resulta inquietante para el respeto de la dignidad humana y la solidaridad internacional. Tanto la convenci\u00f3n internacional para la seguridad de la vida humana en el mar (SOLAS) de 1974 como la de 1979 \u2014convenci\u00f3n sobre la b\u00fasqueda y el rescate mar\u00edtimo\u2014 evocan la obligaci\u00f3n de los capitanes de socorrer a una persona en peligro en el mar y los Estados deben asegurar una asistencia personal. Entonces, resulta escandaloso considerar que la ayuda de los capitanes sea considerada como un crimen e incluso vayan a la c\u00e1rcel por ello.<\/p>\n\n\n\n<figure class=\"wp-block-image size-full\"><img data-opt-id=1633874795  fetchpriority=\"high\" decoding=\"async\" width=\"567\" height=\"210\" src=\"https:\/\/mlshb54ejeq3.i.optimole.com\/w:auto\/h:auto\/q:mauto\/f:best\/ig:avif\/https:\/\/thehealthimpact.org\/wp-content\/uploads\/2022\/01\/Carlos-art.jpg\" alt=\"\" class=\"wp-image-3145\" srcset=\"https:\/\/mlshb54ejeq3.i.optimole.com\/w:567\/h:210\/q:mauto\/f:best\/ig:avif\/https:\/\/thehealthimpactngo.org\/wp-content\/uploads\/2022\/01\/Carlos-art.jpg 567w, https:\/\/mlshb54ejeq3.i.optimole.com\/w:300\/h:111\/q:mauto\/f:best\/ig:avif\/https:\/\/thehealthimpactngo.org\/wp-content\/uploads\/2022\/01\/Carlos-art.jpg 300w, https:\/\/mlshb54ejeq3.i.optimole.com\/w:18\/h:7\/q:mauto\/f:best\/ig:avif\/dpr:2\/https:\/\/thehealthimpactngo.org\/wp-content\/uploads\/2022\/01\/Carlos-art.jpg 18w\" sizes=\"(max-width: 567px) 100vw, 567px\" \/><figcaption>Open arms<\/figcaption><\/figure>\n\n\n\n<p>No es propio de una sociedad democr\u00e1tica, moderna y avanzada que se castiguen conductas que contribuyen a salvar vidas. Esto jam\u00e1s puede ser un delito. Las ONG y personas que operan en este \u00e1mbito sufren procesos judiciales, campa\u00f1as difamatorias y acusaciones de colaboraci\u00f3n con traficantes de personas, lo que dificulta e incluso impide su pr\u00e1ctica solidaria. De ninguna manera podemos tolerar que la solidaridad y la acci\u00f3n humanitaria sean criminalizadas.<\/p>\n\n\n\n<p><br>Que los y las activistas solamente quieran ayudar no importa y que respeten la ley que dice que hay que tratar de salvar a personas en peligro y llevarlas al puerto seguro m\u00e1s cercano, tampoco. Los gobiernos europeos y FRONTEX, en vez de apoyar a las organizaciones que cumplen con sus obligaciones, fuerzan a los actores humanitarios a defenderse por entrar en aguas territoriales sin permiso, resistir contra un buque militar, tener un barco no registrado debidamente y ayudar activamente a la inmigraci\u00f3n irregular, entre otros.<\/p>\n\n\n\n<p class=\"has-medium-font-size\"><strong>Sin luz al final del t\u00fanel<\/strong><\/p>\n\n\n\n<p>Gobiernos est\u00e1n presionando cada vez m\u00e1s a las organizaciones humanitarias para que \u00e9stas se plieguen a sus intereses con la excusa de la lucha contra el terrorismo, lo cual est\u00e1 limitando y condicionando la capacidad de llevar ayuda a quienes m\u00e1s lo necesitan. La brecha entre necesidades y recursos sigue agrand\u00e1ndose, dejando a cada vez m\u00e1s poblaci\u00f3n sin la asistencia y protecci\u00f3n adecuadas. El sistema internacional humanitario no est\u00e1 siendo capaz de responder y mucho menos de prevenir las situaciones de crisis, desastres y violencia.<\/p>\n\n\n\n<p><br>Desde el principio de la crisis migratoria, all\u00e1 por 2015, se nota un compromiso internacional para mejorar la situaci\u00f3n y llamar la atenci\u00f3n europea sobre este problema mayor. Muchos actores de la sociedad civil y de organizaciones internacionales intentan alarmar sobre la situaci\u00f3n y reclaman una pol\u00edtica migratoria europea que no vulnere los derechos de las personas migrantes y refugiadas. Por consiguiente, la criminalizaci\u00f3n no es una soluci\u00f3n a la crisis migratoria, sino la prueba de que la UE no se preocupa del problema y no quiere solucionarlo. La criminalizaci\u00f3n es una amenaza directa para la solidaridad y la fraternidad europea que se viene intentando construir desde el final de la Segunda Guerra Mundial. En efecto, parece que se est\u00e1n olvidando los valores fundamentales de la construcci\u00f3n europea y sancionando a los ciudadanos que act\u00faan de acuerdo con ellos. Por ello reclamamos una despenalizaci\u00f3n de la ayuda humanitaria inmediata, adem\u00e1s del respeto que se le debe a las personas que, junto a la ayuda<br>humanitaria, tambi\u00e9n criminalizan.<\/p>\n\n\n\n<p><br>Es esencial no olvidar la Historia. Parad\u00f3jicamente, durante muchos siglos, Europa fue una tierra de emigrantes y es muy c\u00ednico usar estas pol\u00edticas restrictivas que adem\u00e1s niegan nuestro propio pasado.<\/p>","protected":false},"excerpt":{"rendered":"<p>La ayuda humanitaria sufre una criminalizaci\u00f3n continua puesto que pone de relieve las fallas de un sistema que vulnera los derechos de los ciudadanos.<\/p>","protected":false},"author":11,"featured_media":3144,"comment_status":"closed","ping_status":"closed","sticky":false,"template":"","format":"standard","meta":{"nf_dc_page":"","footnotes":""},"categories":[19],"tags":[50,49,41,51],"class_list":["post-3143","post","type-post","status-publish","format-standard","has-post-thumbnail","hentry","category-internacional","tag-ayuda-humanitaria","tag-criminalizacion","tag-derechos-humanos","tag-frontex"],"yoast_head":"<!-- This site is optimized with the Yoast SEO plugin v27.4 - https:\/\/yoast.com\/product\/yoast-seo-wordpress\/ -->\n<title>LA AYUDA HUMANITARIA NO ES DELITO - The Health Impact ONG<\/title>\n<meta name=\"description\" content=\"ONG rabajando por la salud y dignidad de los refugiados a trav\u00e9s de la educaci\u00f3n | The Health Impact ONG\" \/>\n<meta name=\"robots\" content=\"index, follow, max-snippet:-1, max-image-preview:large, max-video-preview:-1\" \/>\n<link rel=\"canonical\" href=\"https:\/\/thehealthimpactngo.org\/en\/la-ayuda-humanitaria-no-es-delito\/\" \/>\n<meta property=\"og:locale\" content=\"en_GB\" \/>\n<meta property=\"og:type\" content=\"article\" \/>\n<meta property=\"og:title\" content=\"LA AYUDA HUMANITARIA NO ES DELITO - The Health Impact ONG\" \/>\n<meta property=\"og:description\" content=\"ONG rabajando por la salud y dignidad de los refugiados a trav\u00e9s de la educaci\u00f3n | The Health Impact ONG\" \/>\n<meta property=\"og:url\" content=\"https:\/\/thehealthimpactngo.org\/en\/la-ayuda-humanitaria-no-es-delito\/\" \/>\n<meta property=\"og:site_name\" content=\"The Health Impact NGO\" \/>\n<meta property=\"article:publisher\" content=\"https:\/\/www.facebook.com\/Thehealthimpact\/\" \/>\n<meta property=\"article:published_time\" content=\"2022-01-19T10:26:00+00:00\" \/>\n<meta property=\"article:modified_time\" content=\"2022-01-19T10:43:10+00:00\" \/>\n<meta property=\"og:image\" content=\"https:\/\/mlshb54ejeq3.i.optimole.com\/w:567\/h:379\/q:mauto\/f:best\/ig:avif\/https:\/\/thehealthimpactngo.org\/wp-content\/uploads\/2022\/01\/Imagen-Carlos.jpg\" \/>\n\t<meta property=\"og:image:width\" content=\"567\" \/>\n\t<meta property=\"og:image:height\" content=\"379\" \/>\n\t<meta property=\"og:image:type\" content=\"image\/jpeg\" \/>\n<meta name=\"author\" content=\"Carlos Echeverr\u00eda\" \/>\n<meta name=\"twitter:card\" content=\"summary_large_image\" \/>\n<meta name=\"twitter:creator\" content=\"@TheHealthImpact\" \/>\n<meta name=\"twitter:site\" content=\"@TheHealthImpact\" \/>\n<meta name=\"twitter:label1\" content=\"Written by\" \/>\n\t<meta name=\"twitter:data1\" content=\"Carlos Echeverr\u00eda\" \/>\n\t<meta name=\"twitter:label2\" content=\"Estimated reading time\" \/>\n\t<meta name=\"twitter:data2\" content=\"5 minutes\" \/>\n<script type=\"application\/ld+json\" class=\"yoast-schema-graph\">{\"@context\":\"https:\\\/\\\/schema.org\",\"@graph\":[{\"@type\":\"Article\",\"@id\":\"https:\\\/\\\/thehealthimpactngo.org\\\/la-ayuda-humanitaria-no-es-delito\\\/#article\",\"isPartOf\":{\"@id\":\"https:\\\/\\\/thehealthimpactngo.org\\\/la-ayuda-humanitaria-no-es-delito\\\/\"},\"author\":{\"name\":\"Carlos Echeverr\u00eda\",\"@id\":\"https:\\\/\\\/thehealthimpactngo.org\\\/#\\\/schema\\\/person\\\/e7b4ba7e58cc9da4cffc0526d8b6b5a2\"},\"headline\":\"LA AYUDA HUMANITARIA NO ES DELITO\",\"datePublished\":\"2022-01-19T10:26:00+00:00\",\"dateModified\":\"2022-01-19T10:43:10+00:00\",\"mainEntityOfPage\":{\"@id\":\"https:\\\/\\\/thehealthimpactngo.org\\\/la-ayuda-humanitaria-no-es-delito\\\/\"},\"wordCount\":1057,\"publisher\":{\"@id\":\"https:\\\/\\\/thehealthimpactngo.org\\\/#organization\"},\"image\":{\"@id\":\"https:\\\/\\\/thehealthimpactngo.org\\\/la-ayuda-humanitaria-no-es-delito\\\/#primaryimage\"},\"thumbnailUrl\":\"https:\\/\\/thehealthimpactngo.org\\/wp-content\\/uploads\\/2022\\/01\\/Imagen-Carlos.jpg\",\"keywords\":[\"Ayuda humanitaria\",\"Criminalizaci\u00f3n\",\"Derechos humanos\",\"Frontex\"],\"articleSection\":[\"Internacional\"],\"inLanguage\":\"en-GB\"},{\"@type\":\"WebPage\",\"@id\":\"https:\\\/\\\/thehealthimpactngo.org\\\/la-ayuda-humanitaria-no-es-delito\\\/\",\"url\":\"https:\\\/\\\/thehealthimpactngo.org\\\/la-ayuda-humanitaria-no-es-delito\\\/\",\"name\":\"LA AYUDA HUMANITARIA NO ES DELITO - The Health Impact ONG\",\"isPartOf\":{\"@id\":\"https:\\\/\\\/thehealthimpactngo.org\\\/#website\"},\"primaryImageOfPage\":{\"@id\":\"https:\\\/\\\/thehealthimpactngo.org\\\/la-ayuda-humanitaria-no-es-delito\\\/#primaryimage\"},\"image\":{\"@id\":\"https:\\\/\\\/thehealthimpactngo.org\\\/la-ayuda-humanitaria-no-es-delito\\\/#primaryimage\"},\"thumbnailUrl\":\"https:\\/\\/thehealthimpactngo.org\\/wp-content\\/uploads\\/2022\\/01\\/Imagen-Carlos.jpg\",\"datePublished\":\"2022-01-19T10:26:00+00:00\",\"dateModified\":\"2022-01-19T10:43:10+00:00\",\"description\":\"ONG rabajando por la salud y dignidad de los refugiados a trav\u00e9s de la educaci\u00f3n | The Health Impact ONG\",\"breadcrumb\":{\"@id\":\"https:\\\/\\\/thehealthimpactngo.org\\\/la-ayuda-humanitaria-no-es-delito\\\/#breadcrumb\"},\"inLanguage\":\"en-GB\",\"potentialAction\":[{\"@type\":\"ReadAction\",\"target\":[\"https:\\\/\\\/thehealthimpactngo.org\\\/la-ayuda-humanitaria-no-es-delito\\\/\"]}]},{\"@type\":\"ImageObject\",\"inLanguage\":\"en-GB\",\"@id\":\"https:\\\/\\\/thehealthimpactngo.org\\\/la-ayuda-humanitaria-no-es-delito\\\/#primaryimage\",\"url\":\"https:\\/\\/thehealthimpactngo.org\\/wp-content\\/uploads\\/2022\\/01\\/Imagen-Carlos.jpg\",\"contentUrl\":\"https:\\/\\/thehealthimpactngo.org\\/wp-content\\/uploads\\/2022\\/01\\/Imagen-Carlos.jpg\",\"width\":567,\"height\":379,\"caption\":\"AFP\"},{\"@type\":\"BreadcrumbList\",\"@id\":\"https:\\\/\\\/thehealthimpactngo.org\\\/la-ayuda-humanitaria-no-es-delito\\\/#breadcrumb\",\"itemListElement\":[{\"@type\":\"ListItem\",\"position\":1,\"name\":\"Home\",\"item\":\"https:\\\/\\\/thehealthimpactngo.org\\\/\"},{\"@type\":\"ListItem\",\"position\":2,\"name\":\"LA AYUDA HUMANITARIA NO ES DELITO\"}]},{\"@type\":\"WebSite\",\"@id\":\"https:\\\/\\\/thehealthimpactngo.org\\\/#website\",\"url\":\"https:\\\/\\\/thehealthimpactngo.org\\\/\",\"name\":\"The Health Impact NGO\",\"description\":\"\",\"publisher\":{\"@id\":\"https:\\\/\\\/thehealthimpactngo.org\\\/#organization\"},\"potentialAction\":[{\"@type\":\"SearchAction\",\"target\":{\"@type\":\"EntryPoint\",\"urlTemplate\":\"https:\\\/\\\/thehealthimpactngo.org\\\/?s={search_term_string}\"},\"query-input\":{\"@type\":\"PropertyValueSpecification\",\"valueRequired\":true,\"valueName\":\"search_term_string\"}}],\"inLanguage\":\"en-GB\"},{\"@type\":\"Organization\",\"@id\":\"https:\\\/\\\/thehealthimpactngo.org\\\/#organization\",\"name\":\"TheHealthImpact\",\"url\":\"https:\\\/\\\/thehealthimpactngo.org\\\/\",\"logo\":{\"@type\":\"ImageObject\",\"inLanguage\":\"en-GB\",\"@id\":\"https:\\\/\\\/thehealthimpactngo.org\\\/#\\\/schema\\\/logo\\\/image\\\/\",\"url\":\"https:\\/\\/thehealthimpact.org\\/wp-content\\/uploads\\/2020\\/03\\/WhatsApp-Image-2020-03-05-at-12.53.37-1-e1591283292571.jpeg\",\"contentUrl\":\"https:\\/\\/thehealthimpact.org\\/wp-content\\/uploads\\/2020\\/03\\/WhatsApp-Image-2020-03-05-at-12.53.37-1-e1591283292571.jpeg\",\"width\":197,\"height\":120,\"caption\":\"TheHealthImpact\"},\"image\":{\"@id\":\"https:\\\/\\\/thehealthimpactngo.org\\\/#\\\/schema\\\/logo\\\/image\\\/\"},\"sameAs\":[\"https:\\\/\\\/www.facebook.com\\\/Thehealthimpact\\\/\",\"https:\\\/\\\/x.com\\\/TheHealthImpact\",\"https:\\\/\\\/www.instagram.com\\\/thehealthimpactorg\\\/\",\"https:\\\/\\\/www.linkedin.com\\\/company\\\/thehealthimpact\\\/\"]},{\"@type\":\"Person\",\"@id\":\"https:\\\/\\\/thehealthimpactngo.org\\\/#\\\/schema\\\/person\\\/e7b4ba7e58cc9da4cffc0526d8b6b5a2\",\"name\":\"Carlos Echeverr\u00eda\",\"image\":{\"@type\":\"ImageObject\",\"inLanguage\":\"en-GB\",\"@id\":\"https:\\/\\/thehealthimpactngo.org\\/wp-content\\/uploads\\/2021\\/11\\/Carlos-Photo-Blog--150x150.png\",\"url\":\"https:\\/\\/thehealthimpactngo.org\\/wp-content\\/uploads\\/2021\\/11\\/Carlos-Photo-Blog--150x150.png\",\"contentUrl\":\"https:\\/\\/thehealthimpactngo.org\\/wp-content\\/uploads\\/2021\\/11\\/Carlos-Photo-Blog--150x150.png\",\"caption\":\"Carlos Echeverr\u00eda\"},\"description\":\"Carlos es periodista y m\u00fasico. Su inter\u00e9s por contar historias desde la veracidad y la responsabilidad informativa le ha llevado a escribir de forma comprometida sobre los grupos m\u00e1s vulnerables. Actualmente vive en Irlanda, trabaja en Cork y disfruta aprendiendo a jugar al ping-pong.\",\"sameAs\":[\"http:\\\/\\\/www.thehealthimpact.org\"]}]}<\/script>\n<!-- \/ Yoast SEO plugin. -->","yoast_head_json":{"title":"LA AYUDA HUMANITARIA NO ES DELITO - The Health Impact ONG","description":"ONG rabajando por la salud y dignidad de los refugiados a trav\u00e9s de la educaci\u00f3n | The Health Impact ONG","robots":{"index":"index","follow":"follow","max-snippet":"max-snippet:-1","max-image-preview":"max-image-preview:large","max-video-preview":"max-video-preview:-1"},"canonical":"https:\/\/thehealthimpactngo.org\/en\/la-ayuda-humanitaria-no-es-delito\/","og_locale":"en_GB","og_type":"article","og_title":"LA AYUDA HUMANITARIA NO ES DELITO - The Health Impact ONG","og_description":"ONG rabajando por la salud y dignidad de los refugiados a trav\u00e9s de la educaci\u00f3n | The Health Impact ONG","og_url":"https:\/\/thehealthimpactngo.org\/en\/la-ayuda-humanitaria-no-es-delito\/","og_site_name":"The Health Impact NGO","article_publisher":"https:\/\/www.facebook.com\/Thehealthimpact\/","article_published_time":"2022-01-19T10:26:00+00:00","article_modified_time":"2022-01-19T10:43:10+00:00","og_image":[{"width":567,"height":379,"url":"https:\/\/mlshb54ejeq3.i.optimole.com\/w:567\/h:379\/q:mauto\/f:best\/ig:avif\/https:\/\/thehealthimpactngo.org\/wp-content\/uploads\/2022\/01\/Imagen-Carlos.jpg","type":"image\/jpeg"}],"author":"Carlos Echeverr\u00eda","twitter_card":"summary_large_image","twitter_creator":"@TheHealthImpact","twitter_site":"@TheHealthImpact","twitter_misc":{"Written by":"Carlos Echeverr\u00eda","Estimated reading time":"5 minutes"},"schema":{"@context":"https:\/\/schema.org","@graph":[{"@type":"Article","@id":"https:\/\/thehealthimpactngo.org\/la-ayuda-humanitaria-no-es-delito\/#article","isPartOf":{"@id":"https:\/\/thehealthimpactngo.org\/la-ayuda-humanitaria-no-es-delito\/"},"author":{"name":"Carlos Echeverr\u00eda","@id":"https:\/\/thehealthimpactngo.org\/#\/schema\/person\/e7b4ba7e58cc9da4cffc0526d8b6b5a2"},"headline":"LA AYUDA HUMANITARIA NO ES DELITO","datePublished":"2022-01-19T10:26:00+00:00","dateModified":"2022-01-19T10:43:10+00:00","mainEntityOfPage":{"@id":"https:\/\/thehealthimpactngo.org\/la-ayuda-humanitaria-no-es-delito\/"},"wordCount":1057,"publisher":{"@id":"https:\/\/thehealthimpactngo.org\/#organization"},"image":{"@id":"https:\/\/thehealthimpactngo.org\/la-ayuda-humanitaria-no-es-delito\/#primaryimage"},"thumbnailUrl":"https:\/\/mlshb54ejeq3.i.optimole.com\/w:auto\/h:auto\/q:mauto\/f:best\/ig:avif\/https:\/\/thehealthimpactngo.org\/wp-content\/uploads\/2022\/01\/Imagen-Carlos.jpg","keywords":["Ayuda humanitaria","Criminalizaci\u00f3n","Derechos humanos","Frontex"],"articleSection":["Internacional"],"inLanguage":"en-GB"},{"@type":"WebPage","@id":"https:\/\/thehealthimpactngo.org\/la-ayuda-humanitaria-no-es-delito\/","url":"https:\/\/thehealthimpactngo.org\/la-ayuda-humanitaria-no-es-delito\/","name":"LA AYUDA HUMANITARIA NO ES DELITO - The Health Impact ONG","isPartOf":{"@id":"https:\/\/thehealthimpactngo.org\/#website"},"primaryImageOfPage":{"@id":"https:\/\/thehealthimpactngo.org\/la-ayuda-humanitaria-no-es-delito\/#primaryimage"},"image":{"@id":"https:\/\/thehealthimpactngo.org\/la-ayuda-humanitaria-no-es-delito\/#primaryimage"},"thumbnailUrl":"https:\/\/mlshb54ejeq3.i.optimole.com\/w:auto\/h:auto\/q:mauto\/f:best\/ig:avif\/https:\/\/thehealthimpactngo.org\/wp-content\/uploads\/2022\/01\/Imagen-Carlos.jpg","datePublished":"2022-01-19T10:26:00+00:00","dateModified":"2022-01-19T10:43:10+00:00","description":"ONG rabajando por la salud y dignidad de los refugiados a trav\u00e9s de la educaci\u00f3n | The Health Impact ONG","breadcrumb":{"@id":"https:\/\/thehealthimpactngo.org\/la-ayuda-humanitaria-no-es-delito\/#breadcrumb"},"inLanguage":"en-GB","potentialAction":[{"@type":"ReadAction","target":["https:\/\/thehealthimpactngo.org\/la-ayuda-humanitaria-no-es-delito\/"]}]},{"@type":"ImageObject","inLanguage":"en-GB","@id":"https:\/\/thehealthimpactngo.org\/la-ayuda-humanitaria-no-es-delito\/#primaryimage","url":"https:\/\/mlshb54ejeq3.i.optimole.com\/w:auto\/h:auto\/q:mauto\/f:best\/ig:avif\/https:\/\/thehealthimpactngo.org\/wp-content\/uploads\/2022\/01\/Imagen-Carlos.jpg","contentUrl":"https:\/\/mlshb54ejeq3.i.optimole.com\/w:auto\/h:auto\/q:mauto\/f:best\/ig:avif\/https:\/\/thehealthimpactngo.org\/wp-content\/uploads\/2022\/01\/Imagen-Carlos.jpg","width":567,"height":379,"caption":"AFP"},{"@type":"BreadcrumbList","@id":"https:\/\/thehealthimpactngo.org\/la-ayuda-humanitaria-no-es-delito\/#breadcrumb","itemListElement":[{"@type":"ListItem","position":1,"name":"Home","item":"https:\/\/thehealthimpactngo.org\/"},{"@type":"ListItem","position":2,"name":"LA AYUDA HUMANITARIA NO ES DELITO"}]},{"@type":"WebSite","@id":"https:\/\/thehealthimpactngo.org\/#website","url":"https:\/\/thehealthimpactngo.org\/","name":"The Health Impact NGO","description":"","publisher":{"@id":"https:\/\/thehealthimpactngo.org\/#organization"},"potentialAction":[{"@type":"SearchAction","target":{"@type":"EntryPoint","urlTemplate":"https:\/\/thehealthimpactngo.org\/?s={search_term_string}"},"query-input":{"@type":"PropertyValueSpecification","valueRequired":true,"valueName":"search_term_string"}}],"inLanguage":"en-GB"},{"@type":"Organization","@id":"https:\/\/thehealthimpactngo.org\/#organization","name":"TheHealthImpact","url":"https:\/\/thehealthimpactngo.org\/","logo":{"@type":"ImageObject","inLanguage":"en-GB","@id":"https:\/\/thehealthimpactngo.org\/#\/schema\/logo\/image\/","url":"https:\/\/mlshb54ejeq3.i.optimole.com\/w:auto\/h:auto\/q:mauto\/f:best\/ig:avif\/https:\/\/thehealthimpact.org\/wp-content\/uploads\/2020\/03\/WhatsApp-Image-2020-03-05-at-12.53.37-1-e1591283292571.jpeg","contentUrl":"https:\/\/mlshb54ejeq3.i.optimole.com\/w:auto\/h:auto\/q:mauto\/f:best\/ig:avif\/https:\/\/thehealthimpact.org\/wp-content\/uploads\/2020\/03\/WhatsApp-Image-2020-03-05-at-12.53.37-1-e1591283292571.jpeg","width":197,"height":120,"caption":"TheHealthImpact"},"image":{"@id":"https:\/\/thehealthimpactngo.org\/#\/schema\/logo\/image\/"},"sameAs":["https:\/\/www.facebook.com\/Thehealthimpact\/","https:\/\/x.com\/TheHealthImpact","https:\/\/www.instagram.com\/thehealthimpactorg\/","https:\/\/www.linkedin.com\/company\/thehealthimpact\/"]},{"@type":"Person","@id":"https:\/\/thehealthimpactngo.org\/#\/schema\/person\/e7b4ba7e58cc9da4cffc0526d8b6b5a2","name":"Carlos Echeverr\u00eda","image":{"@type":"ImageObject","inLanguage":"en-GB","@id":"https:\/\/mlshb54ejeq3.i.optimole.com\/w:150\/h:150\/q:mauto\/rt:fill\/g:ce\/f:best\/ig:avif\/https:\/\/thehealthimpactngo.org\/wp-content\/uploads\/2021\/11\/Carlos-Photo-Blog-.png","url":"https:\/\/mlshb54ejeq3.i.optimole.com\/w:150\/h:150\/q:mauto\/rt:fill\/g:ce\/f:best\/ig:avif\/https:\/\/thehealthimpactngo.org\/wp-content\/uploads\/2021\/11\/Carlos-Photo-Blog-.png","contentUrl":"https:\/\/mlshb54ejeq3.i.optimole.com\/w:150\/h:150\/q:mauto\/rt:fill\/g:ce\/f:best\/ig:avif\/https:\/\/thehealthimpactngo.org\/wp-content\/uploads\/2021\/11\/Carlos-Photo-Blog-.png","caption":"Carlos Echeverr\u00eda"},"description":"Carlos es periodista y m\u00fasico. Su inter\u00e9s por contar historias desde la veracidad y la responsabilidad informativa le ha llevado a escribir de forma comprometida sobre los grupos m\u00e1s vulnerables. Actualmente vive en Irlanda, trabaja en Cork y disfruta aprendiendo a jugar al ping-pong.","sameAs":["http:\/\/www.thehealthimpact.org"]}]}},"_links":{"self":[{"href":"https:\/\/thehealthimpactngo.org\/en\/wp-json\/wp\/v2\/posts\/3143","targetHints":{"allow":["GET"]}}],"collection":[{"href":"https:\/\/thehealthimpactngo.org\/en\/wp-json\/wp\/v2\/posts"}],"about":[{"href":"https:\/\/thehealthimpactngo.org\/en\/wp-json\/wp\/v2\/types\/post"}],"author":[{"embeddable":true,"href":"https:\/\/thehealthimpactngo.org\/en\/wp-json\/wp\/v2\/users\/11"}],"replies":[{"embeddable":true,"href":"https:\/\/thehealthimpactngo.org\/en\/wp-json\/wp\/v2\/comments?post=3143"}],"version-history":[{"count":4,"href":"https:\/\/thehealthimpactngo.org\/en\/wp-json\/wp\/v2\/posts\/3143\/revisions"}],"predecessor-version":[{"id":3150,"href":"https:\/\/thehealthimpactngo.org\/en\/wp-json\/wp\/v2\/posts\/3143\/revisions\/3150"}],"wp:featuredmedia":[{"embeddable":true,"href":"https:\/\/thehealthimpactngo.org\/en\/wp-json\/wp\/v2\/media\/3144"}],"wp:attachment":[{"href":"https:\/\/thehealthimpactngo.org\/en\/wp-json\/wp\/v2\/media?parent=3143"}],"wp:term":[{"taxonomy":"category","embeddable":true,"href":"https:\/\/thehealthimpactngo.org\/en\/wp-json\/wp\/v2\/categories?post=3143"},{"taxonomy":"post_tag","embeddable":true,"href":"https:\/\/thehealthimpactngo.org\/en\/wp-json\/wp\/v2\/tags?post=3143"}],"curies":[{"name":"wp","href":"https:\/\/api.w.org\/{rel}","templated":true}]}}